{"id":1952,"date":"2018-05-17T10:39:16","date_gmt":"2018-05-17T08:39:16","guid":{"rendered":"http:\/\/lizelan.com\/?p=1952\/"},"modified":"2018-06-26T11:50:35","modified_gmt":"2018-06-26T10:50:35","slug":"demonstration-de-debroussaillage-agroforestier-a-laide-dun-chenillard-teledirige","status":"publish","type":"post","link":"https:\/\/lizelan.com\/fr\/demonstration-de-debroussaillage-agroforestier-a-laide-dun-chenillard-teledirige\/","title":{"rendered":"Demonstration de d\u00e9broussaillage agroforestier \u00e0 l&#8217;aide d&#8217;un chenillard t\u00e9l\u00e9dirig\u00e9"},"content":{"rendered":"<p>En colaboration avec el ayuntamiento de BAZT\u00c1N (commune de baztan) et FORESNA (association foresti\u00e8re de navarre), LIZELAN S.L a le plaisir de vous inviter \u00e0 assister \u00e0 une demonstration de d\u00e9broussaillage agroforestier \u00e0 l&#8217;aide d&#8217;un chenillard t\u00e9l\u00e9dirig\u00e9 de 150 CV, p\u00e8se 4 tonnes et avance \u00a0\u00e0 une vitesse entre 4-5 km\/h.<!--more--><\/p>\n<p>Cette d\u00e9monstration sera le <strong>3 juillet 2018<\/strong> dans le lieu naturel de Antsastegi (Arizkun), sur le p\u00e2turage communal de Lizartzu cordonn\u00e9es=(x:625351,Y:4789212) en suivant ce programme:<\/p>\n<ul>\n<li><strong><u>De 10:00 \u00e0 11:00 H:<\/u><\/strong> Presentation du chenillard t\u00e9l\u00e9dirig\u00e9 caract\u00e9ristiques, utilisastion, outils amovibles, pentes de travail et s\u00e9curit\u00e9.<\/li>\n<li><strong><u>De 11:00 \u00e0 13:00 H: <\/u><\/strong>Demonstration de l\u2019engin en action \u00e0 travers un d\u00e9broussaillage d&#8217;ajonc en pente de 45\u00b0.<\/li>\n<li><strong><u>D\u00e9jeuner <\/u><\/strong>\u00e0 la fin de l&#8217;\u00e9v\u00e9nement.<\/li>\n<\/ul>\n<p>Si vous \u00eates int\u00e9ress\u00e9,on vous prie de bien vouloir nous informer sur: <a href=\"mailto:tecnico@lizelan.com\"><strong>tecnico@lizelan.com<\/strong><\/a> ou \u00e0 travers el ayuntamiento de Bazt\u00e1n en indiquant nom\/prenom, entreprise, association, entit\u00e9 publique, expertise, etc.<\/p>\n","protected":false},"excerpt":{"rendered":"<p>En colaboration avec el ayuntamiento de BAZT\u00c1N (commune de baztan) et FORESNA (association foresti\u00e8re de navarre), LIZELAN S.L a le plaisir de vous inviter \u00e0 assister \u00e0 une demonstration de d\u00e9broussaillage agroforestier \u00e0 l&#8217;aide d&#8217;un chenillard t\u00e9l\u00e9dirig\u00e9 de 150 CV, p\u00e8se 4 tonnes et avance \u00a0\u00e0 une vitesse entre 4-5 km\/h.<\/p>\n","protected":false},"author":1,"featured_media":1919,"comment_status":"closed","ping_status":"open","sticky":false,"template":"","format":"standard","meta":{"footnotes":""},"categories":[61],"tags":[],"class_list":["post-1952","post","type-post","status-publish","format-standard","has-post-thumbnail","hentry","category-informations"],"aioseo_notices":[],"_links":{"self":[{"href":"https:\/\/lizelan.com\/fr\/wp-json\/wp\/v2\/posts\/1952","targetHints":{"allow":["GET"]}}],"collection":[{"href":"https:\/\/lizelan.com\/fr\/wp-json\/wp\/v2\/posts"}],"about":[{"href":"https:\/\/lizelan.com\/fr\/wp-json\/wp\/v2\/types\/post"}],"author":[{"embeddable":true,"href":"https:\/\/lizelan.com\/fr\/wp-json\/wp\/v2\/users\/1"}],"replies":[{"embeddable":true,"href":"https:\/\/lizelan.com\/fr\/wp-json\/wp\/v2\/comments?post=1952"}],"version-history":[{"count":4,"href":"https:\/\/lizelan.com\/fr\/wp-json\/wp\/v2\/posts\/1952\/revisions"}],"predecessor-version":[{"id":1980,"href":"https:\/\/lizelan.com\/fr\/wp-json\/wp\/v2\/posts\/1952\/revisions\/1980"}],"wp:featuredmedia":[{"embeddable":true,"href":"https:\/\/lizelan.com\/fr\/wp-json\/wp\/v2\/media\/1919"}],"wp:attachment":[{"href":"https:\/\/lizelan.com\/fr\/wp-json\/wp\/v2\/media?parent=1952"}],"wp:term":[{"taxonomy":"category","embeddable":true,"href":"https:\/\/lizelan.com\/fr\/wp-json\/wp\/v2\/categories?post=1952"},{"taxonomy":"post_tag","embeddable":true,"href":"https:\/\/lizelan.com\/fr\/wp-json\/wp\/v2\/tags?post=1952"}],"curies":[{"name":"wp","href":"https:\/\/api.w.org\/{rel}","templated":true}]}}